{"id":3012,"date":"2016-08-24T04:26:11","date_gmt":"2016-08-24T02:26:11","guid":{"rendered":"https:\/\/trip2prosecco.com\/ville-venete\/"},"modified":"2023-03-20T13:55:43","modified_gmt":"2023-03-20T12:55:43","slug":"villa-maser-gefuehrte-besichtigung-palladio-villen-mit-reiseleiterin","status":"publish","type":"post","link":"https:\/\/trip2prosecco.com\/de\/villa-maser-gefuehrte-besichtigung-palladio-villen-mit-reiseleiterin\/","title":{"rendered":"PALLADIO VILLEN"},"content":{"rendered":"<p>[et_pb_section fb_built=&#8220;1&#8243; _builder_version=&#8220;4.16&#8243; custom_padding=&#8220;||8px|||&#8220; locked=&#8220;off&#8220; collapsed=&#8220;off&#8220; global_colors_info=&#8220;{}&#8220;][et_pb_row _builder_version=&#8220;4.16&#8243; locked=&#8220;off&#8220; global_colors_info=&#8220;{}&#8220;][et_pb_column type=&#8220;4_4&#8243; _builder_version=&#8220;4.16&#8243; global_colors_info=&#8220;{}&#8220;][et_pb_text _builder_version=&#8220;4.16&#8243; header_font=&#8220;||||||||&#8220; header_text_align=&#8220;center&#8220; header_2_font=&#8220;Montserrat|300||on|||||&#8220; text_orientation=&#8220;center&#8220; custom_margin=&#8220;||10px||false|false&#8220; global_colors_info=&#8220;{}&#8220;]<\/p>\n<h2>STADTF\u00dcHRUNGEN<\/h2>\n<p>[\/et_pb_text][et_pb_divider color=&#8220;rgba(0,0,0,0.1)&#8220; divider_weight=&#8220;1px&#8220; _builder_version=&#8220;4.16&#8243; width=&#8220;43%&#8220; module_alignment=&#8220;center&#8220; custom_margin=&#8220;0px||0px||false|false&#8220; custom_padding=&#8220;0px||0px||false|false&#8220; global_colors_info=&#8220;{}&#8220;][\/et_pb_divider][et_pb_post_title meta=&#8220;off&#8220; featured_image=&#8220;off&#8220; _builder_version=&#8220;4.16&#8243; title_font=&#8220;|300||on|||||&#8220; title_font_size=&#8220;40px&#8220; text_orientation=&#8220;center&#8220; custom_margin=&#8220;||1px|||&#8220; global_colors_info=&#8220;{}&#8220;][\/et_pb_post_title][\/et_pb_column][\/et_pb_row][\/et_pb_section][et_pb_section fb_built=&#8220;1&#8243; _builder_version=&#8220;4.16&#8243; background_color=&#8220;#f3f3f3&#8243; custom_padding=&#8220;70px||40px|||&#8220; global_colors_info=&#8220;{}&#8220;][et_pb_row _builder_version=&#8220;4.16&#8243; background_size=&#8220;initial&#8220; background_position=&#8220;top_left&#8220; background_repeat=&#8220;repeat&#8220; max_width=&#8220;668px&#8220; custom_padding=&#8220;0px|||||&#8220; locked=&#8220;off&#8220; global_colors_info=&#8220;{}&#8220;][et_pb_column type=&#8220;4_4&#8243; _builder_version=&#8220;4.16&#8243; custom_padding=&#8220;|||&#8220; global_colors_info=&#8220;{}&#8220; custom_padding__hover=&#8220;|||&#8220;][et_pb_text _builder_version=&#8220;4.16&#8243; text_font=&#8220;|300|||||||&#8220; text_text_color=&#8220;#000000&#8243; header_3_font_size=&#8220;30px&#8220; text_orientation=&#8220;center&#8220; min_height=&#8220;52px&#8220; custom_margin=&#8220;||0px||false|false&#8220; custom_padding=&#8220;||0px|||&#8220; global_colors_info=&#8220;{}&#8220;]<\/p>\n<h4 style=\"text-align: center;\"><strong>Was sind also die Palladio Villen? Lasst ihr sie uns gemeinsam entdecken!<\/strong><\/h4>\n<p>[\/et_pb_text][et_pb_divider color=&#8220;rgba(0,0,0,0.1)&#8220; divider_weight=&#8220;1px&#8220; _builder_version=&#8220;4.16&#8243; width=&#8220;43%&#8220; module_alignment=&#8220;center&#8220; custom_margin=&#8220;0px||0px||false|false&#8220; custom_padding=&#8220;0px||0px||false|false&#8220; global_colors_info=&#8220;{}&#8220;][\/et_pb_divider][et_pb_text _builder_version=&#8220;4.16&#8243; header_3_line_height=&#8220;1.3em&#8220; background_size=&#8220;initial&#8220; background_position=&#8220;top_left&#8220; background_repeat=&#8220;repeat&#8220; custom_margin=&#8220;||26px|||&#8220; global_colors_info=&#8220;{}&#8220;]<\/p>\n<p style=\"text-align: justify;\">W\u00e4hrend sich die Handelswege nach Westen zum Atlantik hin verlagerten, b\u00fc\u00dfte die Seerepublik Venedig die Kontrolle \u00fcber die orientalischen M\u00e4rkte ein. Infolgedessen begannen die venezianischen Adelsfamilien, in Grundbesitz zu investieren, und bauten die schon bestehenden Bauernh\u00f6fe zu Schl\u00f6ssern oder Herrenh\u00e4user um. Das Land wurde nach und nach trockengelegt und landwirtschaftlich nutzbar gemacht. Nach diesen ersten Phasen, in der die Landwirtschaft im Vergleich zum risikoreichen Seehandel als eine sichere Geldanlage auf \u201efremdem\u201c Boden galt, begann die venezianische Expansion auf dem Festland.\u00a0 So entstanden die ersten <strong>Palladio Villen,<\/strong> die funktional und \u00e4sthetisch die neuen Bed\u00fcrfnisse verk\u00f6rperten und als Zentrum der produktiven Organisation auf dem Gro\u00dfgrundbesitz fungierten. Palladio, dem Architekten, gelang es praktische und kulturelle Zielsetzungen in ein konkretes Projekt umzusetzen. Tats\u00e4chlich sorgte seine Kunst f\u00fcr eine perfekte Verschmelzung von praktischen und \u00e4sthetischen Anspr\u00fcchen.<\/p>\n<p style=\"text-align: justify;\">Patrizier und Gro\u00dfgrundbesitzer bewohnten die <strong>Palladio Villen<\/strong> w\u00e4hrend einiger Monate des Jahres, um sich um ihre L\u00e4ndereien zu k\u00fcmmern, sich von der Stadt zu erholen und das Leben auf dem frischen Land zu genie\u00dfen. In der gl\u00fcckseligen Einsamkeit fern von den Ablenkungen der Stadt, konnte man sich den \u201estudia humanitatis\u201c widmen. In den <strong>Palladio Villen<\/strong> versammelten sich Literaten und K\u00fcnstler, man musizierte, f\u00fchrte Kom\u00f6dien auf, diskutierte \u00fcber Architektur. Die Villa wurde zum Motor f\u00fcr Wirtschaft und Kultur.<\/p>\n<p style=\"text-align: justify;\">Im 17. bis 18 Jh. trat das Interesse der Besitzer an ihrem Landwirtschaftsbetrieb schrittweise hinter dem Bed\u00fcrfnis nach Zerstreuung und Gastlichkeit zur\u00fcck: Die Villa wurde immer gr\u00f6\u00dfer, immer reicher mit Malereien, Fresken, Statuen, Stuckdekorationen, Parks und G\u00e4rten geschm\u00fcckt, die w\u00e4hrend des Sommeraufenthalts vorgezeigt wurden.<\/p>\n<p style=\"text-align: justify;\">Durch diese aufstrebende Aristokratie entstand eine erneute Nachfrage nach Landsitzen, deren Grundidee sich nach und nach ver\u00e4nderte: Die <strong>Palladio Villen<\/strong> wurden von landwirtschaftlichen Betrieben zu Erholungsorten, wo man den Sommer verbrachte, auf Jagd ging, sich vergn\u00fcgte, Reichtum oder den neuen sozialen Rang zur Schau stellte. Villa Pisani ist das vollst\u00e4ndigste und am besten erhaltene Beispiel f\u00fcr dieses Konzept.<\/p>\n<p style=\"text-align: justify;\">\n<p style=\"text-align: justify;\">\n<p style=\"text-align: justify;\">[\/et_pb_text][\/et_pb_column][\/et_pb_row][\/et_pb_section][et_pb_section fb_built=&#8220;1&#8243; admin_label=&#8220;titolo villa&#8220; module_id=&#8220;villa-barbaro&#8220; _builder_version=&#8220;4.16&#8243; background_color=&#8220;rgba(0,0,0,0.7)&#8220; custom_padding=&#8220;0px||0px||false|false&#8220; locked=&#8220;off&#8220; collapsed=&#8220;off&#8220; global_colors_info=&#8220;{}&#8220;][et_pb_row _builder_version=&#8220;4.16&#8243; background_enable_color=&#8220;off&#8220; custom_padding=&#8220;69px||0px|||&#8220; global_colors_info=&#8220;{}&#8220;][et_pb_column type=&#8220;4_4&#8243; _builder_version=&#8220;4.16&#8243; custom_css_main_element=&#8220;margin-top: auto;||margin-bottom: auto;||padding: 50px;&#8220; global_colors_info=&#8220;{}&#8220;][et_pb_text _builder_version=&#8220;4.16&#8243; header_font_size=&#8220;40px&#8220; header_3_font=&#8220;|||on|||||&#8220; header_3_text_align=&#8220;center&#8220; header_3_font_size=&#8220;32px&#8220; header_3_line_height=&#8220;1.3em&#8220; background_layout=&#8220;dark&#8220; custom_margin=&#8220;||0px||false|false&#8220; locked=&#8220;off&#8220; global_colors_info=&#8220;{}&#8220;]<\/p>\n<h3>VILLA BARBARO (VILLA DI MASER)<\/h3>\n<p>[\/et_pb_text][et_pb_divider color=&#8220;rgba(255,255,255,0.2)&#8220; divider_weight=&#8220;1px&#8220; _builder_version=&#8220;4.16&#8243; width=&#8220;100%&#8220; module_alignment=&#8220;center&#8220; custom_margin=&#8220;0px||0px||false|false&#8220; custom_padding=&#8220;0px||0px||false|false&#8220; locked=&#8220;off&#8220; global_colors_info=&#8220;{}&#8220;][\/et_pb_divider][et_pb_image src=&#8220;https:\/\/trip2prosecco.com\/wp-content\/uploads\/2020\/07\/unesco.svg&#8220; title_text=&#8220;unesco&#8220; align=&#8220;center&#8220; _builder_version=&#8220;4.16&#8243; width=&#8220;200px&#8220; global_colors_info=&#8220;{}&#8220;][\/et_pb_image][\/et_pb_column][\/et_pb_row][\/et_pb_section][et_pb_section fb_built=&#8220;1&#8243; _builder_version=&#8220;4.16&#8243; custom_padding=&#8220;||0px|||&#8220; border_width_top=&#8220;1px&#8220; border_color_top=&#8220;rgba(0,0,0,0.1)&#8220; locked=&#8220;off&#8220; global_colors_info=&#8220;{}&#8220;][et_pb_row column_structure=&#8220;1_3,1_3,1_3&#8243; use_custom_gutter=&#8220;on&#8220; gutter_width=&#8220;1&#8243; _builder_version=&#8220;4.16&#8243; width=&#8220;55%&#8220; global_colors_info=&#8220;{}&#8220;][et_pb_column type=&#8220;1_3&#8243; _builder_version=&#8220;4.16&#8243; border_width_right=&#8220;1px&#8220; border_color_right=&#8220;rgba(0,0,0,0.1)&#8220; border_color_right_tablet=&#8220;rgba(0,0,0,0)&#8220; border_color_right_phone=&#8220;&#8220; border_color_right_last_edited=&#8220;on|desktop&#8220; global_colors_info=&#8220;{}&#8220;][et_pb_blurb title=&#8220;Dauer&#8220; image=&#8220;https:\/\/trip2prosecco.com\/wp-content\/uploads\/2020\/07\/durata.svg&#8220; image_icon_width=&#8220;50px&#8220; image_icon_width_tablet=&#8220;30%&#8220; image_icon_width_phone=&#8220;30%&#8220; image_icon_width_last_edited=&#8220;on|desktop&#8220; _builder_version=&#8220;4.16&#8243; header_level=&#8220;h3&#8243; header_font=&#8220;Montserrat|300|||||||&#8220; header_font_size=&#8220;16px&#8220; header_line_height=&#8220;1.4em&#8220; body_font=&#8220;||||||||&#8220; body_text_color=&#8220;#DB1D2D&#8220; body_font_size=&#8220;22px&#8220; text_orientation=&#8220;center&#8220; child_filter_opacity=&#8220;60%&#8220; custom_css_blurb_image=&#8220;margin-bottom: 0;&#8220; image_max_width=&#8220;50px&#8220; image_max_width_tablet=&#8220;30%&#8220; image_max_width_phone=&#8220;&#8220; image_max_width_last_edited=&#8220;on|desktop&#8220; global_colors_info=&#8220;{}&#8220;]<\/p>\n<p>1 STUNDE<\/p>\n<p>[\/et_pb_blurb][\/et_pb_column][et_pb_column type=&#8220;1_3&#8243; _builder_version=&#8220;4.16&#8243; border_width_right=&#8220;1px&#8220; border_color_right=&#8220;rgba(0,0,0,0.1)&#8220; border_color_right_tablet=&#8220;rgba(0,0,0,0)&#8220; border_color_right_phone=&#8220;&#8220; border_color_right_last_edited=&#8220;on|desktop&#8220; global_colors_info=&#8220;{}&#8220;][et_pb_blurb title=&#8220;Wege&#8220; image=&#8220;https:\/\/trip2prosecco.com\/wp-content\/uploads\/2020\/07\/wheelchair.svg&#8220; image_icon_width=&#8220;50px&#8220; image_icon_width_tablet=&#8220;30%&#8220; image_icon_width_phone=&#8220;30%&#8220; image_icon_width_last_edited=&#8220;on|desktop&#8220; _builder_version=&#8220;4.16&#8243; header_level=&#8220;h3&#8243; header_font=&#8220;Montserrat|300|||||||&#8220; header_font_size=&#8220;16px&#8220; header_line_height=&#8220;1.4em&#8220; body_font=&#8220;||||||||&#8220; body_text_color=&#8220;#DB1D2D&#8220; body_font_size=&#8220;22px&#8220; text_orientation=&#8220;center&#8220; child_filter_opacity=&#8220;60%&#8220; custom_css_blurb_image=&#8220;margin-bottom: 0;&#8220; image_max_width=&#8220;50px&#8220; image_max_width_tablet=&#8220;30%&#8220; image_max_width_phone=&#8220;&#8220; image_max_width_last_edited=&#8220;on|desktop&#8220; global_colors_info=&#8220;{}&#8220;]<\/p>\n<p>BARRIEREFREI<\/p>\n<p>[\/et_pb_blurb][\/et_pb_column][et_pb_column type=&#8220;1_3&#8243; _builder_version=&#8220;4.16&#8243; border_color_right=&#8220;rgba(0,0,0,0.1)&#8220; border_color_right_tablet=&#8220;rgba(0,0,0,0)&#8220; border_color_right_phone=&#8220;&#8220; border_color_right_last_edited=&#8220;on|desktop&#8220; global_colors_info=&#8220;{}&#8220;][et_pb_blurb title=&#8220;Kleine Hunde&#8220; image=&#8220;https:\/\/trip2prosecco.com\/wp-content\/uploads\/2020\/07\/dog-leashed.svg&#8220; image_icon_width=&#8220;50px&#8220; image_icon_width_tablet=&#8220;30%&#8220; image_icon_width_phone=&#8220;30%&#8220; image_icon_width_last_edited=&#8220;on|desktop&#8220; _builder_version=&#8220;4.16&#8243; header_level=&#8220;h3&#8243; header_font=&#8220;Montserrat|300|||||||&#8220; header_font_size=&#8220;16px&#8220; header_line_height=&#8220;1.4em&#8220; body_font=&#8220;||||||||&#8220; body_text_color=&#8220;#DB1D2D&#8220; body_font_size=&#8220;22px&#8220; text_orientation=&#8220;center&#8220; child_filter_opacity=&#8220;60%&#8220; custom_css_blurb_image=&#8220;margin-bottom: 0;&#8220; image_max_width=&#8220;50px&#8220; image_max_width_tablet=&#8220;30%&#8220; image_max_width_phone=&#8220;&#8220; image_max_width_last_edited=&#8220;on|desktop&#8220; global_colors_info=&#8220;{}&#8220;]<\/p>\n<p>NICHT ERLAUBT<\/p>\n<p>[\/et_pb_blurb][\/et_pb_column][\/et_pb_row][\/et_pb_section][et_pb_section fb_built=&#8220;1&#8243; _builder_version=&#8220;4.16&#8243; custom_padding=&#8220;0px||0px||false|false&#8220; locked=&#8220;off&#8220; collapsed=&#8220;off&#8220; global_colors_info=&#8220;{}&#8220;][et_pb_row column_structure=&#8220;1_2,1_2&#8243; use_custom_gutter=&#8220;on&#8220; gutter_width=&#8220;1&#8243; make_equal=&#8220;on&#8220; _builder_version=&#8220;4.16&#8243; background_color=&#8220;rgba(0,0,0,0.7)&#8220; width=&#8220;100%&#8220; max_width=&#8220;2560px&#8220; custom_padding=&#8220;0px||0px|||&#8220; global_colors_info=&#8220;{}&#8220;][et_pb_column type=&#8220;1_2&#8243; _builder_version=&#8220;4.16&#8243; global_colors_info=&#8220;{}&#8220;][et_pb_image src=&#8220;https:\/\/trip2prosecco.com\/wp-content\/uploads\/2020\/07\/villa-barbaro-1.jpg&#8220; alt=&#8220;venetian villas&#8220; title_text=&#8220;villa-barbaro-1&#8243; _builder_version=&#8220;4.16&#8243; global_colors_info=&#8220;{}&#8220;][\/et_pb_image][\/et_pb_column][et_pb_column type=&#8220;1_2&#8243; _builder_version=&#8220;4.16&#8243; custom_css_main_element=&#8220;margin-top: auto;||margin-bottom: auto;||padding: 50px;&#8220; global_colors_info=&#8220;{}&#8220;][et_pb_text _builder_version=&#8220;4.16&#8243; background_size=&#8220;initial&#8220; background_position=&#8220;top_left&#8220; background_repeat=&#8220;repeat&#8220; background_layout=&#8220;dark&#8220; global_colors_info=&#8220;{}&#8220;]<\/p>\n<p style=\"text-align: justify;\">Die<strong> Villa Maser<\/strong> oder Villa Barbaro befindet sich in der Gemeinde Maser und ist eine der bekanntesten Palladio Villen in Venetien. Wenn es um Palladio Villen geht, spricht dar\u00fcber jedes Kunstgeschichtsbuch. Die in \u00fcppig gr\u00fcner Umgebung gelegene <strong>Villa Maser<\/strong> wurde Mitte des 16. Jh. vom Architekten Andrea Palladio entworfen \u2013 nach dem Aufrtag der venezianischen Patrizier Marcantonio und Daniele Barbaro. Der mittelalterliche Bauernhof wurde dann zu einer palast\u00e4hnlichen Villa, die genussvolles und repr\u00e4sentatives Wohnen erm\u00f6glichte, gleichzeitig aber auch die Funktionen eines gro\u00dfen landwirtschaftlichen Gutshofes erf\u00fcllen sollte. Hinter dem Haupthaus ist ein reich geschm\u00fccktes Nymph\u00e4um angelegt, dessen Quellwasser durch ein ausgekl\u00fcgeltes System Haus und Garten versorgte.<\/p>\n<p style=\"text-align: justify;\">\n<p style=\"text-align: justify;\">Das Haupthaus von <strong>Villa Maser<\/strong> ist konzipiert als klassizistische S\u00e4ulenhalle. Mit dem Familienwappen im Giebel und mit seinen vier S\u00e4ulen und dem Figurentympanon erinnert es an einen griechischen Tempel. Links und rechts davon schlie\u00dfen sich zwei lang gestreckte Nebenbauten mit Arkaden an, wo die landwirtschaftlichen Nutzr\u00e4ume untergebracht waren und wo die Dienerschaft wohnte. An beiden Enden schlie\u00dfen zwei elegante Taubent\u00fcrme an sie an. Dar\u00fcber sind in einem kleinen Giebelfeld zwei Sonnenuhren zu sehen.<\/p>\n<p>[\/et_pb_text][\/et_pb_column][\/et_pb_row][\/et_pb_section][et_pb_section fb_built=&#8220;1&#8243; _builder_version=&#8220;4.16&#8243; custom_padding=&#8220;0px||0px||false|false&#8220; locked=&#8220;off&#8220; collapsed=&#8220;off&#8220; global_colors_info=&#8220;{}&#8220;][et_pb_row column_structure=&#8220;1_2,1_2&#8243; use_custom_gutter=&#8220;on&#8220; gutter_width=&#8220;1&#8243; make_equal=&#8220;on&#8220; _builder_version=&#8220;4.16&#8243; background_color=&#8220;rgba(0,0,0,0.7)&#8220; width=&#8220;100%&#8220; max_width=&#8220;2560px&#8220; custom_padding=&#8220;0px||0px|||&#8220; global_colors_info=&#8220;{}&#8220;][et_pb_column type=&#8220;1_2&#8243; _builder_version=&#8220;4.16&#8243; custom_css_main_element=&#8220;margin-top: auto;||margin-bottom: auto;||padding: 50px;&#8220; global_colors_info=&#8220;{}&#8220;][et_pb_text _builder_version=&#8220;4.16&#8243; background_size=&#8220;initial&#8220; background_position=&#8220;top_left&#8220; background_repeat=&#8220;repeat&#8220; background_layout=&#8220;dark&#8220; global_colors_info=&#8220;{}&#8220;]<\/p>\n<p style=\"text-align: justify;\">Paolo Veronese bemalte die R\u00e4ume der <strong>Villa Maser<\/strong> mit symboltr\u00e4chtigen Fresken im Stil des Trompe-l&#8217;oeil, am eindrucksvollsten im zentral gelegenen Olympussaal. Die Szenen sind teilweise so illusionistisch komponiert, dass sie fast in die R\u00e4ume \u00fcberzugehen scheinen, unterst\u00fctzt noch durch die herrlichen Stuckarbeiten von Alessandro Vittoria. Die nach vorne ausgerichteten R\u00e4ume sind mit Landschaften geschm\u00fcckt, dazu blickt man weit \u00fcber die venetische Ebene.<\/p>\n<p style=\"text-align: justify;\">In h\u00fcgligen Weinberggel\u00e4nde hinter der <strong>Villa Maser<\/strong> gibt es eine Kutschensammlung. An der Durchgangsstra\u00dfe unten steht die ehemalige Hauskirche der Villa, der sog. Tempietto, ein Kuppelbau mit tempelartiger Front, der nach Pl\u00e4nen von Andrea Palladio gestaltet wurde.\u00a0<\/p>\n<p style=\"text-align: justify;\">Die heutigen Eigent\u00fcmer der Villa Maser \u2013 die Grafschaft Volpi di Misurata \u2013 wohnen noch im Haus. Die Familie betriebt auch ein Weingut im historischen Anbaugebiet Asolo Prosecco Superiore DOCG und verkauft nicht nur Prosecco, sondern auch Qualit\u00e4tsweine vom Ort.<\/p>\n<p>[\/et_pb_text][\/et_pb_column][et_pb_column type=&#8220;1_2&#8243; _builder_version=&#8220;4.16&#8243; global_colors_info=&#8220;{}&#8220;][et_pb_image src=&#8220;https:\/\/trip2prosecco.com\/wp-content\/uploads\/2020\/07\/villa-barbaro-2.jpg&#8220; alt=&#8220;prosecco wine&#8220; title_text=&#8220;villa-barbaro-2&#8243; _builder_version=&#8220;4.16&#8243; global_colors_info=&#8220;{}&#8220;][\/et_pb_image][\/et_pb_column][\/et_pb_row][\/et_pb_section][et_pb_section fb_built=&#8220;1&#8243; admin_label=&#8220;fine villa&#8220; _builder_version=&#8220;4.16&#8243; background_color=&#8220;rgba(0,0,0,0.7)&#8220; custom_padding=&#8220;0px||0px||false|false&#8220; locked=&#8220;off&#8220; collapsed=&#8220;off&#8220; global_colors_info=&#8220;{}&#8220;][et_pb_row _builder_version=&#8220;4.16&#8243; width=&#8220;90%&#8220; custom_padding=&#8220;0px||0px|||&#8220; global_colors_info=&#8220;{}&#8220;][et_pb_column type=&#8220;4_4&#8243; _builder_version=&#8220;4.16&#8243; custom_css_main_element=&#8220;margin-top: auto;||margin-bottom: auto;||padding: 50px;&#8220; global_colors_info=&#8220;{}&#8220;][et_pb_text _builder_version=&#8220;4.16&#8243; background_size=&#8220;initial&#8220; background_position=&#8220;top_left&#8220; background_repeat=&#8220;repeat&#8220; text_orientation=&#8220;center&#8220; background_layout=&#8220;dark&#8220; global_colors_info=&#8220;{}&#8220;]<\/p>\n<p><em>Nach der F\u00fchrung kann eine Verkostung mit den Weinen von Villa Maser und ein kleiner Imbiss stattfinden.<\/em><\/p>\n<p>[\/et_pb_text][\/et_pb_column][\/et_pb_row][\/et_pb_section][et_pb_section fb_built=&#8220;1&#8243; _builder_version=&#8220;4.16&#8243; locked=&#8220;off&#8220; global_colors_info=&#8220;{}&#8220;][et_pb_row _builder_version=&#8220;4.16&#8243; locked=&#8220;off&#8220; global_colors_info=&#8220;{}&#8220;][et_pb_column type=&#8220;4_4&#8243; _builder_version=&#8220;4.16&#8243; global_colors_info=&#8220;{}&#8220;][et_pb_text _builder_version=&#8220;4.16&#8243; header_font=&#8220;Montserrat||||||||&#8220; header_text_align=&#8220;center&#8220; header_2_font=&#8220;Montserrat|300||on|||||&#8220; text_orientation=&#8220;center&#8220; global_colors_info=&#8220;{}&#8220;]<\/p>\n<h2>Informationen<\/h2>\n<p>[\/et_pb_text][et_pb_divider color=&#8220;rgba(0,0,0,0.1)&#8220; divider_weight=&#8220;1px&#8220; _builder_version=&#8220;4.16&#8243; width=&#8220;43%&#8220; module_alignment=&#8220;center&#8220; custom_margin=&#8220;0px||0px||false|false&#8220; custom_padding=&#8220;0px||0px||false|false&#8220; global_colors_info=&#8220;{}&#8220;][\/et_pb_divider][et_pb_text _builder_version=&#8220;4.16&#8243; width=&#8220;80%&#8220; width_tablet=&#8220;100%&#8220; width_phone=&#8220;100%&#8220; width_last_edited=&#8220;on|phone&#8220; module_alignment=&#8220;center&#8220; global_colors_info=&#8220;{}&#8220;]<\/p>\n<table class=\"info-tour\">\n<tbody>\n<tr>\n<th style=\"width: 148.75px;\">Wann<\/th>\n<td style=\"width: 406.932px;\">Auf Anfrage<\/td>\n<\/tr>\n<tr>\n<th style=\"width: 148.75px;\">Dauer<\/th>\n<td style=\"width: 406.932px;\">ca. 1 Stunde<\/td>\n<\/tr>\n<tr>\n<th style=\"width: 148.75px;\">Treffpunkt<\/th>\n<td style=\"width: 406.932px;\">Vor dem Villa<\/td>\n<\/tr>\n<tr>\n<th style=\"width: 148.75px;\">Gruppe<\/th>\n<td style=\"width: 406.932px;\">Max 20 Personen,<span>um den\u00a0 Mindestabstand einhalten zu k\u00f6nnen<\/span><\/td>\n<\/tr>\n<tr>\n<th style=\"width: 148.75px;\">Im Preis inbegriffen<\/th>\n<td style=\"width: 406.932px;\">Gepr\u00fcfte Reiseleiterin, Besichtigung von Villa und Park auf Deutsch<\/td>\n<\/tr>\n<tr>\n<th style=\"width: 148.75px;\">Bei Regen<\/th>\n<td style=\"width: 406.932px;\"><span>Die F\u00fchrung findet auch bei Regen statt<\/span><\/td>\n<\/tr>\n<tr>\n<th style=\"width: 148.75px;\">Parken<\/th>\n<td style=\"width: 406.932px;\">Im Ort<\/td>\n<\/tr>\n<tr>\n<th style=\"width: 148.75px;\">Anmerkungen<\/th>\n<td style=\"width: 406.932px;\"><strong>Teilt mir bei der Reservierung besondere Bed\u00fcrfnisse sowie Moblit\u00e4tseinschar\u00e4nkungen mit.<\/strong><strong><br \/><\/strong><\/td>\n<\/tr>\n<\/tbody>\n<\/table>\n<p>&nbsp;<\/p>\n<p>[\/et_pb_text][\/et_pb_column][\/et_pb_row][\/et_pb_section][et_pb_section fb_built=&#8220;1&#8243; admin_label=&#8220;titolo villa&#8220; module_id=&#8220;villa-emo&#8220; _builder_version=&#8220;4.16&#8243; background_color=&#8220;#f3f3f3&#8243; min_height=&#8220;317.4px&#8220; custom_padding=&#8220;0px||0px||false|false&#8220; locked=&#8220;off&#8220; collapsed=&#8220;off&#8220; global_colors_info=&#8220;{}&#8220;][et_pb_row _builder_version=&#8220;4.16&#8243; background_enable_color=&#8220;off&#8220; custom_padding=&#8220;70px||0px|||&#8220; global_colors_info=&#8220;{}&#8220;][et_pb_column type=&#8220;4_4&#8243; _builder_version=&#8220;4.16&#8243; custom_css_main_element=&#8220;margin-top: auto;||margin-bottom: auto;||padding: 50px;&#8220; global_colors_info=&#8220;{}&#8220;][et_pb_text _builder_version=&#8220;4.16&#8243; header_font_size=&#8220;40px&#8220; header_3_font=&#8220;|||on|||||&#8220; header_3_text_align=&#8220;center&#8220; header_3_font_size=&#8220;32px&#8220; header_3_line_height=&#8220;1.3em&#8220; custom_margin=&#8220;||0px||false|false&#8220; locked=&#8220;off&#8220; global_colors_info=&#8220;{}&#8220;]<\/p>\n<h3>VILLA EMO IN VEDELAGO<\/h3>\n<p>[\/et_pb_text][et_pb_divider color=&#8220;rgba(0,0,0,0.2)&#8220; divider_weight=&#8220;1px&#8220; _builder_version=&#8220;4.16&#8243; width=&#8220;100%&#8220; module_alignment=&#8220;center&#8220; custom_margin=&#8220;0px||0px||false|false&#8220; custom_padding=&#8220;0px||0px||false|false&#8220; locked=&#8220;off&#8220; global_colors_info=&#8220;{}&#8220;][\/et_pb_divider][et_pb_image src=&#8220;https:\/\/trip2prosecco.com\/wp-content\/uploads\/2020\/07\/unesco-pos.svg&#8220; title_text=&#8220;unesco-pos&#8220; align=&#8220;center&#8220; _builder_version=&#8220;4.16&#8243; width=&#8220;200px&#8220; global_colors_info=&#8220;{}&#8220;][\/et_pb_image][\/et_pb_column][\/et_pb_row][\/et_pb_section][et_pb_section fb_built=&#8220;1&#8243; _builder_version=&#8220;4.16&#8243; custom_padding=&#8220;||0px|||&#8220; border_width_top=&#8220;1px&#8220; border_color_top=&#8220;rgba(0,0,0,0.1)&#8220; locked=&#8220;off&#8220; global_colors_info=&#8220;{}&#8220;][et_pb_row column_structure=&#8220;1_3,1_3,1_3&#8243; use_custom_gutter=&#8220;on&#8220; gutter_width=&#8220;1&#8243; _builder_version=&#8220;4.16&#8243; width=&#8220;55%&#8220; global_colors_info=&#8220;{}&#8220;][et_pb_column type=&#8220;1_3&#8243; _builder_version=&#8220;4.16&#8243; border_width_right=&#8220;1px&#8220; border_color_right=&#8220;rgba(0,0,0,0.1)&#8220; border_color_right_tablet=&#8220;rgba(0,0,0,0)&#8220; border_color_right_phone=&#8220;&#8220; border_color_right_last_edited=&#8220;on|desktop&#8220; global_colors_info=&#8220;{}&#8220;][et_pb_blurb title=&#8220;Dauer&#8220; image=&#8220;https:\/\/trip2prosecco.com\/wp-content\/uploads\/2020\/07\/durata.svg&#8220; image_icon_width=&#8220;50px&#8220; image_icon_width_tablet=&#8220;30%&#8220; image_icon_width_phone=&#8220;30%&#8220; image_icon_width_last_edited=&#8220;on|desktop&#8220; _builder_version=&#8220;4.16&#8243; header_level=&#8220;h3&#8243; header_font=&#8220;Montserrat|300|||||||&#8220; header_font_size=&#8220;16px&#8220; header_line_height=&#8220;1.4em&#8220; body_font=&#8220;||||||||&#8220; body_text_color=&#8220;#DB1D2D&#8220; body_font_size=&#8220;22px&#8220; text_orientation=&#8220;center&#8220; child_filter_opacity=&#8220;60%&#8220; custom_css_blurb_image=&#8220;margin-bottom: 0;&#8220; image_max_width=&#8220;50px&#8220; image_max_width_tablet=&#8220;30%&#8220; image_max_width_phone=&#8220;&#8220; image_max_width_last_edited=&#8220;on|desktop&#8220; global_colors_info=&#8220;{}&#8220;]<\/p>\n<p>1 STUNDE<\/p>\n<p>[\/et_pb_blurb][\/et_pb_column][et_pb_column type=&#8220;1_3&#8243; _builder_version=&#8220;4.16&#8243; border_width_right=&#8220;1px&#8220; border_color_right=&#8220;rgba(0,0,0,0.1)&#8220; border_color_right_tablet=&#8220;rgba(0,0,0,0)&#8220; border_color_right_phone=&#8220;&#8220; border_color_right_last_edited=&#8220;on|desktop&#8220; global_colors_info=&#8220;{}&#8220;][et_pb_blurb title=&#8220;Wege&#8220; image=&#8220;https:\/\/trip2prosecco.com\/wp-content\/uploads\/2020\/07\/wheelchair.svg&#8220; image_icon_width=&#8220;50px&#8220; image_icon_width_tablet=&#8220;30%&#8220; image_icon_width_phone=&#8220;30%&#8220; image_icon_width_last_edited=&#8220;on|desktop&#8220; _builder_version=&#8220;4.16&#8243; header_level=&#8220;h3&#8243; header_font=&#8220;Montserrat|300|||||||&#8220; header_font_size=&#8220;16px&#8220; header_line_height=&#8220;1.4em&#8220; body_font=&#8220;||||||||&#8220; body_text_color=&#8220;#DB1D2D&#8220; body_font_size=&#8220;22px&#8220; text_orientation=&#8220;center&#8220; child_filter_opacity=&#8220;60%&#8220; custom_css_blurb_image=&#8220;margin-bottom: 0;&#8220; image_max_width=&#8220;50px&#8220; image_max_width_tablet=&#8220;30%&#8220; image_max_width_phone=&#8220;&#8220; image_max_width_last_edited=&#8220;on|desktop&#8220; global_colors_info=&#8220;{}&#8220;]<\/p>\n<p>BARRIEREFREI<\/p>\n<p>[\/et_pb_blurb][\/et_pb_column][et_pb_column type=&#8220;1_3&#8243; _builder_version=&#8220;4.16&#8243; border_color_right=&#8220;rgba(0,0,0,0.1)&#8220; border_color_right_tablet=&#8220;rgba(0,0,0,0)&#8220; border_color_right_phone=&#8220;&#8220; border_color_right_last_edited=&#8220;on|desktop&#8220; global_colors_info=&#8220;{}&#8220;][et_pb_blurb title=&#8220;Kleine Hunde&#8220; image=&#8220;https:\/\/trip2prosecco.com\/wp-content\/uploads\/2020\/07\/dog-leashed.svg&#8220; image_icon_width=&#8220;50px&#8220; image_icon_width_tablet=&#8220;30%&#8220; image_icon_width_phone=&#8220;30%&#8220; image_icon_width_last_edited=&#8220;on|desktop&#8220; _builder_version=&#8220;4.16&#8243; header_level=&#8220;h3&#8243; header_font=&#8220;Montserrat|300|||||||&#8220; header_font_size=&#8220;16px&#8220; header_line_height=&#8220;1.4em&#8220; body_font=&#8220;||||||||&#8220; body_text_color=&#8220;#DB1D2D&#8220; body_font_size=&#8220;22px&#8220; text_orientation=&#8220;center&#8220; child_filter_opacity=&#8220;60%&#8220; custom_css_blurb_image=&#8220;margin-bottom: 0;&#8220; image_max_width=&#8220;50px&#8220; image_max_width_tablet=&#8220;30%&#8220; image_max_width_phone=&#8220;&#8220; image_max_width_last_edited=&#8220;on|desktop&#8220; global_colors_info=&#8220;{}&#8220;]<\/p>\n<p>NICHT ERLAUBT<\/p>\n<p>[\/et_pb_blurb][\/et_pb_column][\/et_pb_row][\/et_pb_section][et_pb_section fb_built=&#8220;1&#8243; _builder_version=&#8220;4.16&#8243; custom_padding=&#8220;0px||0px||false|false&#8220; locked=&#8220;off&#8220; collapsed=&#8220;off&#8220; global_colors_info=&#8220;{}&#8220;][et_pb_row column_structure=&#8220;1_2,1_2&#8243; use_custom_gutter=&#8220;on&#8220; gutter_width=&#8220;1&#8243; make_equal=&#8220;on&#8220; _builder_version=&#8220;4.16&#8243; background_color=&#8220;#f3f3f3&#8243; width=&#8220;100%&#8220; max_width=&#8220;2560px&#8220; custom_padding=&#8220;0px||0px|||&#8220; global_colors_info=&#8220;{}&#8220;][et_pb_column type=&#8220;1_2&#8243; _builder_version=&#8220;4.16&#8243; global_colors_info=&#8220;{}&#8220;][et_pb_image src=&#8220;https:\/\/trip2prosecco.com\/wp-content\/uploads\/2020\/07\/villa-emo.jpg&#8220; alt=&#8220;venetian villas&#8220; title_text=&#8220;villa-emo&#8220; _builder_version=&#8220;4.16&#8243; global_colors_info=&#8220;{}&#8220;][\/et_pb_image][\/et_pb_column][et_pb_column type=&#8220;1_2&#8243; _builder_version=&#8220;4.16&#8243; custom_css_main_element=&#8220;margin-top: auto;||margin-bottom: auto;||padding: 50px;&#8220; global_colors_info=&#8220;{}&#8220;][et_pb_text _builder_version=&#8220;4.16&#8243; background_size=&#8220;initial&#8220; background_position=&#8220;top_left&#8220; background_repeat=&#8220;repeat&#8220; global_colors_info=&#8220;{}&#8220;]<\/p>\n<p style=\"text-align: justify;\">Die <strong>Villa Emo<\/strong> steht am Ortsrand von Vedelago, nord\u00f6stlich von Castelfranco Veneto. Der venezianische Adlige Leonardo Emo lie\u00df sie zwischen 1555 und 1565 errichten.<\/p>\n<p style=\"text-align: justify;\">Sein Gro\u00dfvater hatte den Grundbesitz seiner Familie vergr\u00f6\u00dfert und das ganze Gebiet durch Bew\u00e4sserung und Maisanbau grundlegend ver\u00e4ndert. Es war daher mehr als nat\u00fcrlich, dass er an einen Landsitz dachte, um die landwirtschaftliche Produktion zu kontrollieren, aber auch als klares Symbol der gesellschaftlichen und politischen Rolle des Patriziertums auf dem Festland.<\/p>\n<p style=\"text-align: justify;\">Palladio erschuf bei <strong>Villa Emo<\/strong> einen Bau, in dem das Herrenhaus und die Barchesse sich mit bewundernswerter Schlichtheit und Harmonie vereinen. Der Mittelteil steht auf einem Sockel und \u00fcber eine sanft ansteigende Freitreppe gelangt man in eine Loggia mit dorischen S\u00e4ulen, mit einem \u2013 von zwei gefl\u00fcgelten Siegesg\u00f6ttinnen von Alessandro Vittoria getragenen \u2013 Giebelfeld mit dem Wappen der Familie Emo.\u00a0<\/p>\n<p>[\/et_pb_text][\/et_pb_column][\/et_pb_row][\/et_pb_section][et_pb_section fb_built=&#8220;1&#8243; _builder_version=&#8220;4.16&#8243; custom_padding=&#8220;0px||0px||false|false&#8220; locked=&#8220;off&#8220; collapsed=&#8220;off&#8220; global_colors_info=&#8220;{}&#8220;][et_pb_row column_structure=&#8220;1_2,1_2&#8243; use_custom_gutter=&#8220;on&#8220; gutter_width=&#8220;1&#8243; make_equal=&#8220;on&#8220; _builder_version=&#8220;4.16&#8243; background_color=&#8220;#f3f3f3&#8243; width=&#8220;100%&#8220; max_width=&#8220;2560px&#8220; custom_padding=&#8220;0px||0px|||&#8220; global_colors_info=&#8220;{}&#8220;][et_pb_column type=&#8220;1_2&#8243; _builder_version=&#8220;4.16&#8243; custom_css_main_element=&#8220;margin-top: auto;||margin-bottom: auto;||padding: 50px;&#8220; global_colors_info=&#8220;{}&#8220;][et_pb_text _builder_version=&#8220;4.16&#8243; background_size=&#8220;initial&#8220; background_position=&#8220;top_left&#8220; background_repeat=&#8220;repeat&#8220; global_colors_info=&#8220;{}&#8220;]<\/p>\n<p style=\"text-align: justify;\">Die Barchesse sind fast wie zwei Arme, die sich nach dem Land ausstrecken. An deren Ende stehen jeweils zwei mittelalterlichen T\u00fcrmen \u00e4hnelnde Kolumbarien. Auf der S\u00fcdseite der Stra\u00dfe ist noch ein Teil des einstigen Dorfes Antico Borgo erhalten.<\/p>\n<p style=\"text-align: justify;\">Lineare Aufteilung und Symmetrie bestimmen auch die Innengestaltung des ganz von Giambattista Zelotti ausgemalten Hauptgeschosses. Zwischen bemalten S\u00e4ulen, Balken und Kapitellen erscheinen historische, mythologische und sakrale Szenen und Figuren, ein klarer Hinweis auf Kultur und Ethik der Renaissance: der Sieg der Tugenden \u00fcber die Laster, das Lob des Landlebens und die Verkl\u00e4rung ehelicher Liebe. In der Loggia von <strong>Villa Emo <\/strong>endet die Liebe zwischen Jupiter und der Nymphe Callisto mit Junos Rache. Im mittleren Saal sind das Opfer der Virginia und die Gro\u00dfz\u00fcgigkeit des Scipio zu sehen. Im Nordwesten das Herkuleszimmer und genau gegen\u00fcber das Venuszimmer, beides Themen aus den Metamorphosen von Ovid. Besonders interessant sind die beiden R\u00e4ume an den Seiten der Loggia, n\u00e4mlich das Zimmer der K\u00fcnste und das Zimmer von Jupiter und Io.<\/p>\n<p>[\/et_pb_text][\/et_pb_column][et_pb_column type=&#8220;1_2&#8243; _builder_version=&#8220;4.16&#8243; global_colors_info=&#8220;{}&#8220;][et_pb_image src=&#8220;https:\/\/trip2prosecco.com\/wp-content\/uploads\/2020\/07\/villa-emo-2.jpg&#8220; alt=&#8220;venetian villas&#8220; title_text=&#8220;villa-emo-2&#8243; _builder_version=&#8220;4.16&#8243; global_colors_info=&#8220;{}&#8220;][\/et_pb_image][\/et_pb_column][\/et_pb_row][\/et_pb_section][et_pb_section fb_built=&#8220;1&#8243; _builder_version=&#8220;4.16&#8243; locked=&#8220;off&#8220; global_colors_info=&#8220;{}&#8220;][et_pb_row _builder_version=&#8220;4.16&#8243; locked=&#8220;off&#8220; global_colors_info=&#8220;{}&#8220;][et_pb_column type=&#8220;4_4&#8243; _builder_version=&#8220;4.16&#8243; global_colors_info=&#8220;{}&#8220;][et_pb_text _builder_version=&#8220;4.16&#8243; header_font=&#8220;Montserrat||||||||&#8220; header_text_align=&#8220;center&#8220; header_2_font=&#8220;Montserrat|300||on|||||&#8220; text_orientation=&#8220;center&#8220; global_colors_info=&#8220;{}&#8220;]<\/p>\n<h2>Informationen<\/h2>\n<p>[\/et_pb_text][et_pb_divider color=&#8220;rgba(0,0,0,0.1)&#8220; divider_weight=&#8220;1px&#8220; _builder_version=&#8220;4.16&#8243; width=&#8220;43%&#8220; module_alignment=&#8220;center&#8220; custom_margin=&#8220;0px||0px||false|false&#8220; custom_padding=&#8220;0px||0px||false|false&#8220; global_colors_info=&#8220;{}&#8220;][\/et_pb_divider][et_pb_text _builder_version=&#8220;4.16&#8243; width=&#8220;80%&#8220; width_tablet=&#8220;100%&#8220; width_phone=&#8220;100%&#8220; width_last_edited=&#8220;on|phone&#8220; module_alignment=&#8220;center&#8220; global_colors_info=&#8220;{}&#8220;]<\/p>\n<table class=\"info-tour\">\n<tbody>\n<tr>\n<th style=\"width: 148.75px;\">Wann<\/th>\n<td style=\"width: 406.932px;\">Auf Anfrage<\/td>\n<\/tr>\n<tr>\n<th style=\"width: 148.75px;\">Dauer<\/th>\n<td style=\"width: 406.932px;\">ca. 1 Stunde<\/td>\n<\/tr>\n<tr>\n<th style=\"width: 148.75px;\">Treffpunkt<\/th>\n<td style=\"width: 406.932px;\">Vor dem Villa<\/td>\n<\/tr>\n<tr>\n<th style=\"width: 148.75px;\">Gruppe<\/th>\n<td style=\"width: 406.932px;\">Max 20 Personen,<span>um den\u00a0 Mindestabstand einhalten zu k\u00f6nnen<\/span><\/td>\n<\/tr>\n<tr>\n<th style=\"width: 148.75px;\">Im Preis inbegriffen<\/th>\n<td style=\"width: 406.932px;\">Gepr\u00fcfte Reiseleiterin, Besichtigung\u00a0 von Villa und Park auf Deutsch<\/td>\n<\/tr>\n<tr>\n<th style=\"width: 148.75px;\">Bei Regen<\/th>\n<td style=\"width: 406.932px;\"><span>Die F\u00fchrung findet auch bei Regen statt<\/span><\/td>\n<\/tr>\n<tr>\n<th style=\"width: 148.75px;\">Parken<\/th>\n<td style=\"width: 406.932px;\">Im Ort<\/td>\n<\/tr>\n<tr>\n<th style=\"width: 148.75px;\">Anmerkungen<\/th>\n<td style=\"width: 406.932px;\"><strong>Teilt mir bei der Reservierung besondere Bed\u00fcrfnisse sowie Moblit\u00e4tseinschar\u00e4nkungen mit.<\/strong><strong><br \/><\/strong><\/td>\n<\/tr>\n<\/tbody>\n<\/table>\n<p>&nbsp;<\/p>\n<p>[\/et_pb_text][\/et_pb_column][\/et_pb_row][\/et_pb_section][et_pb_section fb_built=&#8220;1&#8243; admin_label=&#8220;buchen + anfrage&#8220; _builder_version=&#8220;4.9.4&#8243; custom_padding=&#8220;0px||0px||true|false&#8220; global_module=&#8220;4625&#8243; saved_tabs=&#8220;all&#8220; collapsed=&#8220;off&#8220; global_colors_info=&#8220;{}&#8220;][et_pb_row column_structure=&#8220;1_2,1_2&#8243; use_custom_gutter=&#8220;on&#8220; gutter_width=&#8220;1&#8243; make_equal=&#8220;on&#8220; _builder_version=&#8220;4.16&#8243; locked=&#8220;off&#8220; global_colors_info=&#8220;{}&#8220;][et_pb_column type=&#8220;1_2&#8243; _builder_version=&#8220;4.16&#8243; border_width_right=&#8220;1px&#8220; border_color_right=&#8220;rgba(0,0,0,0.1)&#8220; border_color_right_tablet=&#8220;rgba(0,0,0,0)&#8220; border_color_right_phone=&#8220;&#8220; border_color_right_last_edited=&#8220;on|desktop&#8220; global_colors_info=&#8220;{}&#8220;][et_pb_blurb title=&#8220;Habt ihr Interesse?&#8220; image=&#8220;https:\/\/trip2prosecco.com\/wp-content\/uploads\/2020\/07\/grin-hearts.svg&#8220; image_icon_width=&#8220;30%&#8220; _builder_version=&#8220;4.20.2&#8243; header_level=&#8220;h3&#8243; text_orientation=&#8220;center&#8220; custom_padding=&#8220;||20px||false|false&#8220; image_max_width=&#8220;30%&#8220; global_colors_info=&#8220;{}&#8220;]<\/p>\n<p>Meldet euch doch einfach an!<\/p>\n<p>[\/et_pb_blurb][et_pb_button button_url=&#8220;@ET-DC@eyJkeW5hbWljIjp0cnVlLCJjb250ZW50IjoicG9zdF9saW5rX3VybF9wYWdlIiwic2V0dGluZ3MiOnsicG9zdF9pZCI6IjM4OCJ9fQ==@&#8220; button_text=&#8220;Buchen&#8220; button_alignment=&#8220;center&#8220; _builder_version=&#8220;4.16&#8243; _dynamic_attributes=&#8220;button_url&#8220; custom_button=&#8220;on&#8220; button_text_size=&#8220;14px&#8220; button_text_color=&#8220;#474747&#8243; button_font=&#8220;Montserrat|600|||||||&#8220; custom_margin_tablet=&#8220;||80px||false|false&#8220; custom_margin_phone=&#8220;&#8220; custom_margin_last_edited=&#8220;on|desktop&#8220; global_colors_info=&#8220;{}&#8220;][\/et_pb_button][\/et_pb_column][et_pb_column type=&#8220;1_2&#8243; _builder_version=&#8220;4.16&#8243; global_colors_info=&#8220;{}&#8220;][et_pb_blurb title=&#8220;Sind Sie Reiseveranstalter?&#8220; image=&#8220;https:\/\/trip2prosecco.com\/wp-content\/uploads\/2021\/05\/laptop.svg&#8220; image_icon_width=&#8220;30%&#8220; _builder_version=&#8220;4.16&#8243; _dynamic_attributes=&#8220;link_option_url&#8220; header_level=&#8220;h3&#8243; header_text_color=&#8220;#E02B20&#8243; body_text_color=&#8220;#E02B20&#8243; text_orientation=&#8220;center&#8220; custom_padding=&#8220;||20px||false|false&#8220; link_option_url=&#8220;@ET-DC@eyJkeW5hbWljIjp0cnVlLCJjb250ZW50IjoicG9zdF9saW5rX3VybF9wYWdlIiwic2V0dGluZ3MiOnsicG9zdF9pZCI6IjQ1NjAifX0=@&#8220; image_max_width=&#8220;30%&#8220; global_colors_info=&#8220;{}&#8220;]<\/p>\n<p>&nbsp;<\/p>\n<p>[\/et_pb_blurb][et_pb_button button_url=&#8220;@ET-DC@eyJkeW5hbWljIjp0cnVlLCJjb250ZW50IjoicG9zdF9saW5rX3VybF9wYWdlIiwic2V0dGluZ3MiOnsicG9zdF9pZCI6IjQ1NjAifX0=@&#8220; button_text=&#8220;Anfrage&#8220; button_alignment=&#8220;center&#8220; _builder_version=&#8220;4.16&#8243; _dynamic_attributes=&#8220;button_url&#8220; custom_button=&#8220;on&#8220; button_text_size=&#8220;14px&#8220; button_text_color=&#8220;#db1d2d&#8220; button_font=&#8220;Montserrat|600|||||||&#8220; locked=&#8220;off&#8220; global_colors_info=&#8220;{}&#8220;][\/et_pb_button][\/et_pb_column][\/et_pb_row][\/et_pb_section][et_pb_section fb_built=&#8220;1&#8243; _builder_version=&#8220;4.16&#8243; custom_margin=&#8220;80px||||false|false&#8220; custom_padding=&#8220;0px||0px||true|false&#8220; saved_tabs=&#8220;all&#8220; collapsed=&#8220;off&#8220; global_colors_info=&#8220;{}&#8220;][et_pb_row _builder_version=&#8220;4.16&#8243; background_size=&#8220;initial&#8220; background_position=&#8220;top_left&#8220; background_repeat=&#8220;repeat&#8220; max_width=&#8220;668px&#8220; custom_margin=&#8220;80px||||false|false&#8220; locked=&#8220;off&#8220; global_colors_info=&#8220;{}&#8220;][et_pb_column type=&#8220;4_4&#8243; _builder_version=&#8220;4.16&#8243; custom_padding=&#8220;|||&#8220; global_colors_info=&#8220;{}&#8220; custom_padding__hover=&#8220;|||&#8220;][et_pb_text _builder_version=&#8220;4.20.2&#8243; header_font_size=&#8220;40px&#8220; header_3_font=&#8220;|||on|||||&#8220; header_3_text_align=&#8220;center&#8220; header_3_line_height=&#8220;1.3em&#8220; custom_margin=&#8220;||0px||false|false&#8220; locked=&#8220;off&#8220; global_colors_info=&#8220;{}&#8220;]<\/p>\n<h3>Gr\u00fcnde f\u00fcr eine eventuelle Absage der Tour<\/h3>\n<p>[\/et_pb_text][et_pb_divider color=&#8220;rgba(0,0,0,0.1)&#8220; divider_weight=&#8220;1px&#8220; _builder_version=&#8220;4.16&#8243; width=&#8220;70%&#8220; module_alignment=&#8220;center&#8220; custom_margin=&#8220;0px||0px||false|false&#8220; custom_padding=&#8220;0px||0px||false|false&#8220; locked=&#8220;off&#8220; global_colors_info=&#8220;{}&#8220;][\/et_pb_divider][et_pb_text _builder_version=&#8220;4.16&#8243; header_3_line_height=&#8220;1.3em&#8220; background_size=&#8220;initial&#8220; background_position=&#8220;top_left&#8220; background_repeat=&#8220;repeat&#8220; global_colors_info=&#8220;{}&#8220;]<\/p>\n<p>Die Tour kann in Ausnahmef\u00e4llen und aufgrund von Ereignissen h\u00f6herer Gewalt abgesagt werden.<\/p>\n<p>Gr\u00fcnde daf\u00fcr sind wie folgt:<\/p>\n<ul>\n<li>Verhinderung der Reiseleiterin aus gesundheitlichen Gr\u00fcnden<\/li>\n<li>Streiks<\/li>\n<li>unvorhergesehenen Schlie\u00dfungen von Dienstleistungen\/Stra\u00dfen<\/li>\n<li>Unf\u00e4lle<\/li>\n<li>Corona-Ma\u00dfnahmen<\/li>\n<li>Wetterwarnungen<\/li>\n<\/ul>\n<p dir=\"ltr\">In diesen F\u00e4llen werde ich euch umgehend benachrichtigen. Ihr habt dann die M\u00f6glichkeit, den n\u00e4chsten verf\u00fcgbaren Termin zu buchen, oder ihr bekommt den bezahlten Preis zur\u00fcckerstattet.<\/p>\n<p>[\/et_pb_text][\/et_pb_column][\/et_pb_row][et_pb_row _builder_version=&#8220;4.16&#8243; background_size=&#8220;initial&#8220; background_position=&#8220;top_left&#8220; background_repeat=&#8220;repeat&#8220; max_width=&#8220;668px&#8220; locked=&#8220;off&#8220; global_colors_info=&#8220;{}&#8220;][et_pb_column type=&#8220;4_4&#8243; _builder_version=&#8220;4.16&#8243; custom_padding=&#8220;|||&#8220; global_colors_info=&#8220;{}&#8220; custom_padding__hover=&#8220;|||&#8220;][et_pb_text _builder_version=&#8220;4.16&#8243; header_font_size=&#8220;40px&#8220; header_3_font=&#8220;|||on|||||&#8220; header_3_text_align=&#8220;center&#8220; header_3_line_height=&#8220;1.3em&#8220; custom_margin=&#8220;||0px||false|false&#8220; locked=&#8220;off&#8220; global_colors_info=&#8220;{}&#8220;]<\/p>\n<h3 style=\"text-align: center;\">Stornobediengungen<\/h3>\n<p>[\/et_pb_text][et_pb_divider color=&#8220;rgba(0,0,0,0.1)&#8220; divider_weight=&#8220;1px&#8220; _builder_version=&#8220;4.16&#8243; width=&#8220;70%&#8220; module_alignment=&#8220;center&#8220; custom_margin=&#8220;0px||0px||false|false&#8220; custom_padding=&#8220;0px||0px||false|false&#8220; locked=&#8220;off&#8220; global_colors_info=&#8220;{}&#8220;][\/et_pb_divider][et_pb_text _builder_version=&#8220;4.16&#8243; header_3_line_height=&#8220;1.3em&#8220; background_size=&#8220;initial&#8220; background_position=&#8220;top_left&#8220; background_repeat=&#8220;repeat&#8220; global_colors_info=&#8220;{}&#8220;]<\/p>\n<p style=\"text-align: justify;\">Die Reservierung kann zu jeder Zeit storniert werden. Ich bitte um eine E-Mail an <a href=\"mailto:info.artwinetravel@gmail.com\">info.artwinetravel@gmail.com<\/a><\/p>\n<p style=\"text-align: justify;\">Bis 48 Stunden vor Beginn der Tour wird, sofern keine anderen Angaben aufscheinen, der gesamte Betrag zur\u00fcckerstattet. Ausgeschlossen davon sind Verarbeitungskosten und Zusatzkosten, wie Tickets, Transportspesen und andere Kosten, die vor der Stornierung schon getragen wurden oder trotz Stornierung anfallen.<\/p>\n<p style=\"text-align: justify;\">Bei Stornierung zwischen 24 und 48 Stunden vor der Tour wird 50% des Betrags zur\u00fcckerstattet. Es ist auch m\u00f6glich eine neue Tour in derselben Preisklasse zu buchen. In diesem Fall f\u00e4llt keine Stornogeb\u00fchr an.<\/p>\n<p style=\"text-align: justify;\">Erfolgt die Stornierung weniger als 24 Stunden vor Beginn der Tour oder bei Nichterscheinen ist keine R\u00fcckerstattung vorgesehen.<\/p>\n<p style=\"text-align: justify;\">Bei Reservierungen, die weniger als 24 Stunden vor Beginn der Tour erfolgen, ist im Fall einer Stornierung keine R\u00fcckerstattung vorgesehen.<\/p>\n<p>[\/et_pb_text][\/et_pb_column][\/et_pb_row][\/et_pb_section][et_pb_section fb_built=&#8220;1&#8243; admin_label=&#8220; Kontaktformular&#8220; _builder_version=&#8220;4.7.2&#8243; background_color=&#8220;rgba(0,0,0,0.7)&#8220; custom_margin=&#8220;80px||0px||false|false&#8220; custom_padding=&#8220;10px||0px||false|false&#8220; global_module=&#8220;3535&#8243; saved_tabs=&#8220;all&#8220; collapsed=&#8220;off&#8220; global_colors_info=&#8220;{}&#8220;][et_pb_row column_structure=&#8220;2_5,3_5&#8243; admin_label=&#8220;Zeile&#8220; _builder_version=&#8220;4.16&#8243; collapsed=&#8220;on&#8220; global_colors_info=&#8220;{}&#8220;][et_pb_column type=&#8220;2_5&#8243; _builder_version=&#8220;4.16&#8243; global_colors_info=&#8220;{}&#8220;][et_pb_text _builder_version=&#8220;4.16&#8243; header_font=&#8220;|||on|||||&#8220; header_font_size=&#8220;22px&#8220; background_layout=&#8220;dark&#8220; global_colors_info=&#8220;{}&#8220;]<\/p>\n<h1>ANFRAGE<\/h1>\n<p>[\/et_pb_text][et_pb_text _builder_version=&#8220;4.16&#8243; text_font=&#8220;Montserrat||||||||&#8220; text_font_size=&#8220;16px&#8220; link_font_size=&#8220;13px&#8220; header_4_font=&#8220;|||on|||||&#8220; header_4_text_color=&#8220;rgba(255,255,255,0.6)&#8220; header_4_font_size=&#8220;10px&#8220; background_layout=&#8220;dark&#8220; custom_margin=&#8220;||50px||false|false&#8220; global_colors_info=&#8220;{}&#8220;]<\/p>\n<table class=\"recapiti\">\n<tbody>\n<tr>\n<th rowspan=\"2\"><i class=\"fa fa-2x fa-fw fa-phone-square-alt\"><\/i><\/th>\n<td>\n<h4>Telefon<\/h4>\n<\/td>\n<\/tr>\n<tr>\n<td><a href=\"tel:+393479927446\">+39 347 992 7446<\/a><\/td>\n<\/tr>\n<\/tbody>\n<\/table>\n<p>[\/et_pb_text][et_pb_text _builder_version=&#8220;4.16&#8243; text_font=&#8220;Montserrat||||||||&#8220; text_font_size=&#8220;16px&#8220; link_font_size=&#8220;13px&#8220; header_4_font=&#8220;|||on|||||&#8220; header_4_text_color=&#8220;rgba(255,255,255,0.6)&#8220; header_4_font_size=&#8220;10px&#8220; background_layout=&#8220;dark&#8220; custom_margin=&#8220;||50px||false|false&#8220; global_colors_info=&#8220;{}&#8220;]<\/p>\n<table class=\"recapiti\">\n<tbody>\n<tr>\n<th rowspan=\"2\"><i class=\"fab fa-fw fa-2x fa-whatsapp\"><\/i><\/th>\n<td>\n<h4>Whatsapp<\/h4>\n<\/td>\n<\/tr>\n<tr>\n<td><a href=\"https:\/\/wa.me\/393479927446\" target=\"_blank\" rel=\"noopener noreferrer\">+39 347 992 7446<\/a><\/td>\n<\/tr>\n<\/tbody>\n<\/table>\n<p>[\/et_pb_text][et_pb_text _builder_version=&#8220;4.16&#8243; text_font=&#8220;Montserrat||||||||&#8220; text_font_size=&#8220;16px&#8220; link_font_size=&#8220;13px&#8220; header_4_font=&#8220;|||on|||||&#8220; header_4_text_color=&#8220;rgba(255,255,255,0.6)&#8220; header_4_font_size=&#8220;10px&#8220; background_layout=&#8220;dark&#8220; custom_margin=&#8220;||50px||false|false&#8220; global_colors_info=&#8220;{}&#8220;]<\/p>\n<table class=\"recapiti\">\n<tbody>\n<tr>\n<th rowspan=\"2\"><i class=\"fa fa-2x fa-fw fa-envelope\"><\/i><\/th>\n<td>\n<h4>Email Adresse<\/h4>\n<\/td>\n<\/tr>\n<tr>\n<td><a href=\"mailto:info.artwinetravel@gmail.com\">info.artwinetravel@gmail.com<\/a><\/td>\n<\/tr>\n<\/tbody>\n<\/table>\n<p>&nbsp;<\/p>\n<p>[\/et_pb_text][\/et_pb_column][et_pb_column type=&#8220;3_5&#8243; _builder_version=&#8220;4.16&#8243; global_colors_info=&#8220;{}&#8220;][et_pb_text _builder_version=&#8220;4.16&#8243; width=&#8220;100%&#8220; global_colors_info=&#8220;{}&#8220;]<\/p>\n\n<div class=\"wpcf7 no-js\" id=\"wpcf7-f3537-o1\" lang=\"it-IT\" dir=\"ltr\" data-wpcf7-id=\"3537\">\n<div class=\"screen-reader-response\"><p role=\"status\" aria-live=\"polite\" aria-atomic=\"true\"><\/p> <ul><\/ul><\/div>\n<form action=\"\/de\/wp-json\/wp\/v2\/posts\/3012#wpcf7-f3537-o1\" method=\"post\" class=\"wpcf7-form init\" aria-label=\"Modulo di contatto\" novalidate=\"novalidate\" data-status=\"init\">\n<fieldset class=\"hidden-fields-container\"><input type=\"hidden\" name=\"_wpcf7\" value=\"3537\" \/><input type=\"hidden\" name=\"_wpcf7_version\" value=\"6.1.5\" \/><input type=\"hidden\" name=\"_wpcf7_locale\" value=\"it_IT\" \/><input type=\"hidden\" name=\"_wpcf7_unit_tag\" value=\"wpcf7-f3537-o1\" \/><input type=\"hidden\" name=\"_wpcf7_container_post\" value=\"0\" \/><input type=\"hidden\" name=\"_wpcf7_posted_data_hash\" value=\"\" \/><input type=\"hidden\" name=\"_wpcf7_recaptcha_response\" value=\"\" \/>\n<\/fieldset>\n<div class=\"get-in-touch\">\n\t<p class=\"contact_field contact_field_half\"><span class=\"wpcf7-form-control-wrap\" data-name=\"nome\"><input size=\"40\" maxlength=\"400\" class=\"wpcf7-form-control wpcf7-text wpcf7-validates-as-required\" aria-required=\"true\" aria-invalid=\"false\" placeholder=\"VORNAME*\" value=\"\" type=\"text\" name=\"nome\" \/><\/span>\n\t<\/p>\n\t<p class=\"contact_field contact_field_half\"><span class=\"wpcf7-form-control-wrap\" data-name=\"cognome\"><input size=\"40\" maxlength=\"400\" class=\"wpcf7-form-control wpcf7-text wpcf7-validates-as-required\" aria-required=\"true\" aria-invalid=\"false\" placeholder=\"NACHNAME*\" value=\"\" type=\"text\" name=\"cognome\" \/><\/span>\n\t<\/p>\n\t<p class=\"contact_field\"><span class=\"wpcf7-form-control-wrap\" data-name=\"email\"><input size=\"40\" maxlength=\"400\" class=\"wpcf7-form-control wpcf7-email wpcf7-validates-as-required wpcf7-text wpcf7-validates-as-email\" aria-required=\"true\" aria-invalid=\"false\" placeholder=\"E-MAIL ADRESSE*\" value=\"\" type=\"email\" name=\"email\" \/><\/span>\n\t<\/p>\n\t<p class=\"contact_field\"><span class=\"wpcf7-form-control-wrap\" data-name=\"your-message\"><textarea cols=\"40\" rows=\"10\" maxlength=\"2000\" class=\"wpcf7-form-control wpcf7-textarea wpcf7-validates-as-required\" aria-required=\"true\" aria-invalid=\"false\" placeholder=\"NACHRICHT*\" name=\"your-message\"><\/textarea><\/span>\n\t<\/p>\n\t<p class=\"contact_field touch\" style=\"text-align:center;\"><a href=\"\/de\/datenschutzerklaerung\/\" target=\"_blank\">DATENSCHUTZERKL\u00c4RUNG UND STORNOBEDINGUNGEN LESEN<\/a>\n\t<\/p>\n\t<p class=\"contact_field\"><span class=\"wpcf7-form-control-wrap\" data-name=\"privacy\"><span class=\"wpcf7-form-control wpcf7-acceptance optional\"><span class=\"wpcf7-list-item\"><label><input type=\"checkbox\" name=\"privacy\" value=\"1\" aria-invalid=\"false\" \/><span class=\"wpcf7-list-item-label\">Ich habe die Datenschutzerkl\u00e4rung gelesen und akzeptiere Sie.<\/span><\/label><\/span><\/span><\/span>\n\t<\/p>\n\t<p class=\"contact_field\" style=\"text-align:center;\"><button type=\"submit\" class=\"et_pb_contact_submit et_pb_button\">Senden<br \/>\n<\/button>\n\t<\/p>\n<\/div><div class=\"wpcf7-response-output\" aria-hidden=\"true\"><\/div>\n<\/form>\n<\/div>\n\n<p>[\/et_pb_text][\/et_pb_column][\/et_pb_row][\/et_pb_section]<\/p>\n","protected":false},"excerpt":{"rendered":"<p>STADTF\u00dcHRUNGENWas sind also die Palladio Villen? Lasst ihr sie uns gemeinsam entdecken!W\u00e4hrend sich die Handelswege nach Westen zum Atlantik hin verlagerten, b\u00fc\u00dfte die Seerepublik Venedig die Kontrolle \u00fcber die orientalischen M\u00e4rkte ein. Infolgedessen begannen die venezianischen Adelsfamilien, in Grundbesitz zu investieren, und bauten die schon bestehenden Bauernh\u00f6fe zu Schl\u00f6ssern oder Herrenh\u00e4user um. Das Land wurde [&hellip;]<\/p>\n","protected":false},"author":1,"featured_media":2414,"comment_status":"closed","ping_status":"closed","sticky":false,"template":"","format":"standard","meta":{"_et_pb_use_builder":"on","_et_pb_old_content":"","_et_gb_content_width":"","inline_featured_image":false,"iawp_total_views":243,"footnotes":""},"categories":[146,156,40,145],"tags":[96,97,129,98],"class_list":["post-3012","post","type-post","status-publish","format-standard","has-post-thumbnail","hentry","category-asolo-de","category-castelfranco-veneto-3","category-visite-guidate","category-villa-maser-de","tag-palladio","tag-palladio-villen","tag-villa-emo","tag-villa-maser"],"yoast_head":"<!-- This site is optimized with the Yoast SEO plugin v27.4 - https:\/\/yoast.com\/product\/yoast-seo-wordpress\/ -->\n<title>Villa Maser gef\u00fchrte Besichtigung von Palladio Villen mit Reiseleiterin<\/title>\n<meta name=\"description\" content=\"Villa Maser und Villa Emo in Vedelago: gef\u00fchrte Besichtigung von Palladio Villen auf Deutsch mit Reiseleterin\" \/>\n<meta name=\"robots\" content=\"index, follow, max-snippet:-1, max-image-preview:large, max-video-preview:-1\" \/>\n<link rel=\"canonical\" href=\"https:\/\/trip2prosecco.com\/de\/villa-maser-gefuehrte-besichtigung-palladio-villen-mit-reiseleiterin\/\" \/>\n<meta property=\"og:locale\" content=\"de_DE\" \/>\n<meta property=\"og:type\" content=\"article\" \/>\n<meta property=\"og:title\" content=\"Villa Maser gef\u00fchrte Besichtigung von Palladio Villen mit Reiseleiterin\" \/>\n<meta property=\"og:description\" content=\"Villa Maser und Villa Emo in Vedelago: gef\u00fchrte Besichtigung von Palladio Villen auf Deutsch mit Reiseleterin\" \/>\n<meta property=\"og:url\" content=\"https:\/\/trip2prosecco.com\/de\/villa-maser-gefuehrte-besichtigung-palladio-villen-mit-reiseleiterin\/\" \/>\n<meta property=\"og:site_name\" content=\"Trip2Prosecco\" \/>\n<meta property=\"article:published_time\" content=\"2016-08-24T02:26:11+00:00\" \/>\n<meta property=\"article:modified_time\" content=\"2023-03-20T12:55:43+00:00\" \/>\n<meta property=\"og:image\" content=\"https:\/\/trip2prosecco.com\/wp-content\/uploads\/2020\/07\/villa-emo.jpg\" \/>\n\t<meta property=\"og:image:width\" content=\"1500\" \/>\n\t<meta property=\"og:image:height\" content=\"1501\" \/>\n\t<meta property=\"og:image:type\" content=\"image\/jpeg\" \/>\n<meta name=\"author\" content=\"Ermanno\" \/>\n<meta name=\"twitter:card\" content=\"summary_large_image\" \/>\n<meta name=\"twitter:label1\" content=\"Verfasst von\" \/>\n\t<meta name=\"twitter:data1\" content=\"Ermanno\" \/>\n\t<meta name=\"twitter:label2\" content=\"Gesch\u00e4tzte Lesezeit\" \/>\n\t<meta name=\"twitter:data2\" content=\"12\u00a0Minuten\" \/>\n<script type=\"application\/ld+json\" class=\"yoast-schema-graph\">{\"@context\":\"https:\\\/\\\/schema.org\",\"@graph\":[{\"@type\":\"Article\",\"@id\":\"https:\\\/\\\/trip2prosecco.com\\\/de\\\/villa-maser-gefuehrte-besichtigung-palladio-villen-mit-reiseleiterin\\\/#article\",\"isPartOf\":{\"@id\":\"https:\\\/\\\/trip2prosecco.com\\\/de\\\/villa-maser-gefuehrte-besichtigung-palladio-villen-mit-reiseleiterin\\\/\"},\"author\":{\"name\":\"Ermanno\",\"@id\":\"https:\\\/\\\/trip2prosecco.com\\\/de\\\/#\\\/schema\\\/person\\\/e3583f49a5b7ce0fc891878a5a2a2be2\"},\"headline\":\"PALLADIO VILLEN\",\"datePublished\":\"2016-08-24T02:26:11+00:00\",\"dateModified\":\"2023-03-20T12:55:43+00:00\",\"mainEntityOfPage\":{\"@id\":\"https:\\\/\\\/trip2prosecco.com\\\/de\\\/villa-maser-gefuehrte-besichtigung-palladio-villen-mit-reiseleiterin\\\/\"},\"wordCount\":4726,\"image\":{\"@id\":\"https:\\\/\\\/trip2prosecco.com\\\/de\\\/villa-maser-gefuehrte-besichtigung-palladio-villen-mit-reiseleiterin\\\/#primaryimage\"},\"thumbnailUrl\":\"https:\\\/\\\/trip2prosecco.com\\\/wp-content\\\/uploads\\\/2020\\\/07\\\/villa-emo.jpg\",\"keywords\":[\"palladio\",\"palladio villen\",\"Villa Emo\",\"Villa Maser\"],\"articleSection\":[\"Asolo\",\"Castelfranco Veneto\",\"Stadtf\u00fchrungen\",\"Villa Maser\"],\"inLanguage\":\"de\"},{\"@type\":\"WebPage\",\"@id\":\"https:\\\/\\\/trip2prosecco.com\\\/de\\\/villa-maser-gefuehrte-besichtigung-palladio-villen-mit-reiseleiterin\\\/\",\"url\":\"https:\\\/\\\/trip2prosecco.com\\\/de\\\/villa-maser-gefuehrte-besichtigung-palladio-villen-mit-reiseleiterin\\\/\",\"name\":\"Villa Maser gef\u00fchrte Besichtigung von Palladio Villen mit Reiseleiterin\",\"isPartOf\":{\"@id\":\"https:\\\/\\\/trip2prosecco.com\\\/de\\\/#website\"},\"primaryImageOfPage\":{\"@id\":\"https:\\\/\\\/trip2prosecco.com\\\/de\\\/villa-maser-gefuehrte-besichtigung-palladio-villen-mit-reiseleiterin\\\/#primaryimage\"},\"image\":{\"@id\":\"https:\\\/\\\/trip2prosecco.com\\\/de\\\/villa-maser-gefuehrte-besichtigung-palladio-villen-mit-reiseleiterin\\\/#primaryimage\"},\"thumbnailUrl\":\"https:\\\/\\\/trip2prosecco.com\\\/wp-content\\\/uploads\\\/2020\\\/07\\\/villa-emo.jpg\",\"datePublished\":\"2016-08-24T02:26:11+00:00\",\"dateModified\":\"2023-03-20T12:55:43+00:00\",\"author\":{\"@id\":\"https:\\\/\\\/trip2prosecco.com\\\/de\\\/#\\\/schema\\\/person\\\/e3583f49a5b7ce0fc891878a5a2a2be2\"},\"description\":\"Villa Maser und Villa Emo in Vedelago: gef\u00fchrte Besichtigung von Palladio Villen auf Deutsch mit Reiseleterin\",\"breadcrumb\":{\"@id\":\"https:\\\/\\\/trip2prosecco.com\\\/de\\\/villa-maser-gefuehrte-besichtigung-palladio-villen-mit-reiseleiterin\\\/#breadcrumb\"},\"inLanguage\":\"de\",\"potentialAction\":[{\"@type\":\"ReadAction\",\"target\":[\"https:\\\/\\\/trip2prosecco.com\\\/de\\\/villa-maser-gefuehrte-besichtigung-palladio-villen-mit-reiseleiterin\\\/\"]}]},{\"@type\":\"ImageObject\",\"inLanguage\":\"de\",\"@id\":\"https:\\\/\\\/trip2prosecco.com\\\/de\\\/villa-maser-gefuehrte-besichtigung-palladio-villen-mit-reiseleiterin\\\/#primaryimage\",\"url\":\"https:\\\/\\\/trip2prosecco.com\\\/wp-content\\\/uploads\\\/2020\\\/07\\\/villa-emo.jpg\",\"contentUrl\":\"https:\\\/\\\/trip2prosecco.com\\\/wp-content\\\/uploads\\\/2020\\\/07\\\/villa-emo.jpg\",\"width\":1500,\"height\":1501,\"caption\":\"Villa emo vg 1\"},{\"@type\":\"BreadcrumbList\",\"@id\":\"https:\\\/\\\/trip2prosecco.com\\\/de\\\/villa-maser-gefuehrte-besichtigung-palladio-villen-mit-reiseleiterin\\\/#breadcrumb\",\"itemListElement\":[{\"@type\":\"ListItem\",\"position\":1,\"name\":\"Home\",\"item\":\"https:\\\/\\\/trip2prosecco.com\\\/de\\\/\"},{\"@type\":\"ListItem\",\"position\":2,\"name\":\"PALLADIO VILLEN\"}]},{\"@type\":\"WebSite\",\"@id\":\"https:\\\/\\\/trip2prosecco.com\\\/de\\\/#website\",\"url\":\"https:\\\/\\\/trip2prosecco.com\\\/de\\\/\",\"name\":\"Trip2Prosecco\",\"description\":\"ArtWineTravel diwine experience\",\"potentialAction\":[{\"@type\":\"SearchAction\",\"target\":{\"@type\":\"EntryPoint\",\"urlTemplate\":\"https:\\\/\\\/trip2prosecco.com\\\/de\\\/?s={search_term_string}\"},\"query-input\":{\"@type\":\"PropertyValueSpecification\",\"valueRequired\":true,\"valueName\":\"search_term_string\"}}],\"inLanguage\":\"de\"},{\"@type\":\"Person\",\"@id\":\"https:\\\/\\\/trip2prosecco.com\\\/de\\\/#\\\/schema\\\/person\\\/e3583f49a5b7ce0fc891878a5a2a2be2\",\"name\":\"Ermanno\",\"image\":{\"@type\":\"ImageObject\",\"inLanguage\":\"de\",\"@id\":\"https:\\\/\\\/secure.gravatar.com\\\/avatar\\\/802ef6f7f414253f02927a2fdcb050ada95ca85e6d8e6bbfff5b9927883bdb06?s=96&d=mm&r=g\",\"url\":\"https:\\\/\\\/secure.gravatar.com\\\/avatar\\\/802ef6f7f414253f02927a2fdcb050ada95ca85e6d8e6bbfff5b9927883bdb06?s=96&d=mm&r=g\",\"contentUrl\":\"https:\\\/\\\/secure.gravatar.com\\\/avatar\\\/802ef6f7f414253f02927a2fdcb050ada95ca85e6d8e6bbfff5b9927883bdb06?s=96&d=mm&r=g\",\"caption\":\"Ermanno\"},\"sameAs\":[\"https:\\\/\\\/martexx.com\"],\"url\":\"https:\\\/\\\/trip2prosecco.com\\\/de\\\/author\\\/martexx_admin\\\/\"}]}<\/script>\n<!-- \/ Yoast SEO plugin. -->","yoast_head_json":{"title":"Villa Maser gef\u00fchrte Besichtigung von Palladio Villen mit Reiseleiterin","description":"Villa Maser und Villa Emo in Vedelago: gef\u00fchrte Besichtigung von Palladio Villen auf Deutsch mit Reiseleterin","robots":{"index":"index","follow":"follow","max-snippet":"max-snippet:-1","max-image-preview":"max-image-preview:large","max-video-preview":"max-video-preview:-1"},"canonical":"https:\/\/trip2prosecco.com\/de\/villa-maser-gefuehrte-besichtigung-palladio-villen-mit-reiseleiterin\/","og_locale":"de_DE","og_type":"article","og_title":"Villa Maser gef\u00fchrte Besichtigung von Palladio Villen mit Reiseleiterin","og_description":"Villa Maser und Villa Emo in Vedelago: gef\u00fchrte Besichtigung von Palladio Villen auf Deutsch mit Reiseleterin","og_url":"https:\/\/trip2prosecco.com\/de\/villa-maser-gefuehrte-besichtigung-palladio-villen-mit-reiseleiterin\/","og_site_name":"Trip2Prosecco","article_published_time":"2016-08-24T02:26:11+00:00","article_modified_time":"2023-03-20T12:55:43+00:00","og_image":[{"width":1500,"height":1501,"url":"https:\/\/trip2prosecco.com\/wp-content\/uploads\/2020\/07\/villa-emo.jpg","type":"image\/jpeg"}],"author":"Ermanno","twitter_card":"summary_large_image","twitter_misc":{"Verfasst von":"Ermanno","Gesch\u00e4tzte Lesezeit":"12\u00a0Minuten"},"schema":{"@context":"https:\/\/schema.org","@graph":[{"@type":"Article","@id":"https:\/\/trip2prosecco.com\/de\/villa-maser-gefuehrte-besichtigung-palladio-villen-mit-reiseleiterin\/#article","isPartOf":{"@id":"https:\/\/trip2prosecco.com\/de\/villa-maser-gefuehrte-besichtigung-palladio-villen-mit-reiseleiterin\/"},"author":{"name":"Ermanno","@id":"https:\/\/trip2prosecco.com\/de\/#\/schema\/person\/e3583f49a5b7ce0fc891878a5a2a2be2"},"headline":"PALLADIO VILLEN","datePublished":"2016-08-24T02:26:11+00:00","dateModified":"2023-03-20T12:55:43+00:00","mainEntityOfPage":{"@id":"https:\/\/trip2prosecco.com\/de\/villa-maser-gefuehrte-besichtigung-palladio-villen-mit-reiseleiterin\/"},"wordCount":4726,"image":{"@id":"https:\/\/trip2prosecco.com\/de\/villa-maser-gefuehrte-besichtigung-palladio-villen-mit-reiseleiterin\/#primaryimage"},"thumbnailUrl":"https:\/\/trip2prosecco.com\/wp-content\/uploads\/2020\/07\/villa-emo.jpg","keywords":["palladio","palladio villen","Villa Emo","Villa Maser"],"articleSection":["Asolo","Castelfranco Veneto","Stadtf\u00fchrungen","Villa Maser"],"inLanguage":"de"},{"@type":"WebPage","@id":"https:\/\/trip2prosecco.com\/de\/villa-maser-gefuehrte-besichtigung-palladio-villen-mit-reiseleiterin\/","url":"https:\/\/trip2prosecco.com\/de\/villa-maser-gefuehrte-besichtigung-palladio-villen-mit-reiseleiterin\/","name":"Villa Maser gef\u00fchrte Besichtigung von Palladio Villen mit Reiseleiterin","isPartOf":{"@id":"https:\/\/trip2prosecco.com\/de\/#website"},"primaryImageOfPage":{"@id":"https:\/\/trip2prosecco.com\/de\/villa-maser-gefuehrte-besichtigung-palladio-villen-mit-reiseleiterin\/#primaryimage"},"image":{"@id":"https:\/\/trip2prosecco.com\/de\/villa-maser-gefuehrte-besichtigung-palladio-villen-mit-reiseleiterin\/#primaryimage"},"thumbnailUrl":"https:\/\/trip2prosecco.com\/wp-content\/uploads\/2020\/07\/villa-emo.jpg","datePublished":"2016-08-24T02:26:11+00:00","dateModified":"2023-03-20T12:55:43+00:00","author":{"@id":"https:\/\/trip2prosecco.com\/de\/#\/schema\/person\/e3583f49a5b7ce0fc891878a5a2a2be2"},"description":"Villa Maser und Villa Emo in Vedelago: gef\u00fchrte Besichtigung von Palladio Villen auf Deutsch mit Reiseleterin","breadcrumb":{"@id":"https:\/\/trip2prosecco.com\/de\/villa-maser-gefuehrte-besichtigung-palladio-villen-mit-reiseleiterin\/#breadcrumb"},"inLanguage":"de","potentialAction":[{"@type":"ReadAction","target":["https:\/\/trip2prosecco.com\/de\/villa-maser-gefuehrte-besichtigung-palladio-villen-mit-reiseleiterin\/"]}]},{"@type":"ImageObject","inLanguage":"de","@id":"https:\/\/trip2prosecco.com\/de\/villa-maser-gefuehrte-besichtigung-palladio-villen-mit-reiseleiterin\/#primaryimage","url":"https:\/\/trip2prosecco.com\/wp-content\/uploads\/2020\/07\/villa-emo.jpg","contentUrl":"https:\/\/trip2prosecco.com\/wp-content\/uploads\/2020\/07\/villa-emo.jpg","width":1500,"height":1501,"caption":"Villa emo vg 1"},{"@type":"BreadcrumbList","@id":"https:\/\/trip2prosecco.com\/de\/villa-maser-gefuehrte-besichtigung-palladio-villen-mit-reiseleiterin\/#breadcrumb","itemListElement":[{"@type":"ListItem","position":1,"name":"Home","item":"https:\/\/trip2prosecco.com\/de\/"},{"@type":"ListItem","position":2,"name":"PALLADIO VILLEN"}]},{"@type":"WebSite","@id":"https:\/\/trip2prosecco.com\/de\/#website","url":"https:\/\/trip2prosecco.com\/de\/","name":"Trip2Prosecco","description":"ArtWineTravel diwine experience","potentialAction":[{"@type":"SearchAction","target":{"@type":"EntryPoint","urlTemplate":"https:\/\/trip2prosecco.com\/de\/?s={search_term_string}"},"query-input":{"@type":"PropertyValueSpecification","valueRequired":true,"valueName":"search_term_string"}}],"inLanguage":"de"},{"@type":"Person","@id":"https:\/\/trip2prosecco.com\/de\/#\/schema\/person\/e3583f49a5b7ce0fc891878a5a2a2be2","name":"Ermanno","image":{"@type":"ImageObject","inLanguage":"de","@id":"https:\/\/secure.gravatar.com\/avatar\/802ef6f7f414253f02927a2fdcb050ada95ca85e6d8e6bbfff5b9927883bdb06?s=96&d=mm&r=g","url":"https:\/\/secure.gravatar.com\/avatar\/802ef6f7f414253f02927a2fdcb050ada95ca85e6d8e6bbfff5b9927883bdb06?s=96&d=mm&r=g","contentUrl":"https:\/\/secure.gravatar.com\/avatar\/802ef6f7f414253f02927a2fdcb050ada95ca85e6d8e6bbfff5b9927883bdb06?s=96&d=mm&r=g","caption":"Ermanno"},"sameAs":["https:\/\/martexx.com"],"url":"https:\/\/trip2prosecco.com\/de\/author\/martexx_admin\/"}]}},"_links":{"self":[{"href":"https:\/\/trip2prosecco.com\/de\/wp-json\/wp\/v2\/posts\/3012","targetHints":{"allow":["GET"]}}],"collection":[{"href":"https:\/\/trip2prosecco.com\/de\/wp-json\/wp\/v2\/posts"}],"about":[{"href":"https:\/\/trip2prosecco.com\/de\/wp-json\/wp\/v2\/types\/post"}],"author":[{"embeddable":true,"href":"https:\/\/trip2prosecco.com\/de\/wp-json\/wp\/v2\/users\/1"}],"replies":[{"embeddable":true,"href":"https:\/\/trip2prosecco.com\/de\/wp-json\/wp\/v2\/comments?post=3012"}],"version-history":[{"count":37,"href":"https:\/\/trip2prosecco.com\/de\/wp-json\/wp\/v2\/posts\/3012\/revisions"}],"predecessor-version":[{"id":9575,"href":"https:\/\/trip2prosecco.com\/de\/wp-json\/wp\/v2\/posts\/3012\/revisions\/9575"}],"wp:featuredmedia":[{"embeddable":true,"href":"https:\/\/trip2prosecco.com\/de\/wp-json\/wp\/v2\/media\/2414"}],"wp:attachment":[{"href":"https:\/\/trip2prosecco.com\/de\/wp-json\/wp\/v2\/media?parent=3012"}],"wp:term":[{"taxonomy":"category","embeddable":true,"href":"https:\/\/trip2prosecco.com\/de\/wp-json\/wp\/v2\/categories?post=3012"},{"taxonomy":"post_tag","embeddable":true,"href":"https:\/\/trip2prosecco.com\/de\/wp-json\/wp\/v2\/tags?post=3012"}],"curies":[{"name":"wp","href":"https:\/\/api.w.org\/{rel}","templated":true}]}}